{"id":12347,"date":"2018-01-17T21:08:49","date_gmt":"2018-01-17T21:08:49","guid":{"rendered":"http:\/\/maksyboats.com\/?p=12347"},"modified":"2022-02-02T19:37:42","modified_gmt":"2022-02-02T18:37:42","slug":"alquiler-de-barco-fotografico-costa-norte-de-mallorca-tramuntana","status":"publish","type":"post","link":"https:\/\/maksyboats.com\/es\/things-to-do\/photographic-boat-charter-north-coast-mallorca-tramuntana\/","title":{"rendered":"Alquiler de barcos fotogr\u00e1ficos en la costa norte de Mallorca"},"content":{"rendered":"<p>Last November, we had the visit of a very special client: mallorcan nature photographer, <a href=\"http:\/\/marcosmolina.com\/\" target=\"_blank\" rel=\"noopener\">Marcos Molina<\/a>. Marcos hired one of our boat charters with a very special purpose: to make a <strong>photographic report<\/strong> of the North Coast of Mallorca.<\/p>\n<p>Taking advantage of a splendid winter day, with excellent sailing conditions, Marcos enjoyed the incredible coastline of cliffs and small coves, in a <strong>day trip<\/strong> between Port de S\u00f3ller and <strong>Sa Calobra<\/strong>. Next, we tell you about this trip, thanks to some photographs that Marcos has kindly given us.<\/p>\n<p><!--more--><\/p>\n<p>&nbsp;<\/p>\n<p><img data-recalc-dims=\"1\" fetchpriority=\"high\" decoding=\"async\" class=\"alignnone wp-image-12349 size-full\" src=\"https:\/\/i0.wp.com\/maksyboats.com\/wpm\/wp-content\/uploads\/2018\/01\/026-1.jpg?resize=960%2C641\" alt=\"Cova des Vell Mar\u00ed and s'Illeta - Tramuntana Mallorca\" width=\"960\" height=\"641\" srcset=\"https:\/\/i0.wp.com\/maksyboats.com\/wpm\/wp-content\/uploads\/2018\/01\/026-1.jpg?w=960&amp;ssl=1 960w, https:\/\/i0.wp.com\/maksyboats.com\/wpm\/wp-content\/uploads\/2018\/01\/026-1.jpg?resize=300%2C200&amp;ssl=1 300w, https:\/\/i0.wp.com\/maksyboats.com\/wpm\/wp-content\/uploads\/2018\/01\/026-1.jpg?resize=768%2C513&amp;ssl=1 768w, https:\/\/i0.wp.com\/maksyboats.com\/wpm\/wp-content\/uploads\/2018\/01\/026-1.jpg?resize=30%2C20&amp;ssl=1 30w, https:\/\/i0.wp.com\/maksyboats.com\/wpm\/wp-content\/uploads\/2018\/01\/026-1.jpg?resize=272%2C182&amp;ssl=1 272w\" sizes=\"(max-width: 960px) 100vw, 960px\" \/><\/p>\n<p><strong>[icon name=&#8221;arrow-up&#8221;]\u00a0<\/strong>We start this photographic report not far from Port de S\u00f3ller, where we entered the cave <strong>Cova des Vell Mar\u00ed<\/strong>, one of the caves near <strong>S&#8217;Illeta<\/strong>. S&#8217;Illeta is a small islet at the foot of the cliffs of Puig de B\u00e0litx.<\/p>\n<p>&nbsp;<\/p>\n<p><img data-recalc-dims=\"1\" decoding=\"async\" class=\"alignnone wp-image-12350 size-full\" src=\"https:\/\/i0.wp.com\/maksyboats.com\/wpm\/wp-content\/uploads\/2018\/01\/025.jpg?resize=960%2C640\" alt=\"Cova des Vell Mar\u00ed and Penyal Bernat\" width=\"960\" height=\"640\" srcset=\"https:\/\/i0.wp.com\/maksyboats.com\/wpm\/wp-content\/uploads\/2018\/01\/025.jpg?w=960&amp;ssl=1 960w, https:\/\/i0.wp.com\/maksyboats.com\/wpm\/wp-content\/uploads\/2018\/01\/025.jpg?resize=300%2C200&amp;ssl=1 300w, https:\/\/i0.wp.com\/maksyboats.com\/wpm\/wp-content\/uploads\/2018\/01\/025.jpg?resize=768%2C512&amp;ssl=1 768w, https:\/\/i0.wp.com\/maksyboats.com\/wpm\/wp-content\/uploads\/2018\/01\/025.jpg?resize=30%2C20&amp;ssl=1 30w, https:\/\/i0.wp.com\/maksyboats.com\/wpm\/wp-content\/uploads\/2018\/01\/025.jpg?resize=272%2C182&amp;ssl=1 272w\" sizes=\"(max-width: 960px) 100vw, 960px\" \/><\/p>\n<p><strong>[icon name=&#8221;arrow-up&#8221;]\u00a0<\/strong>The caves from the opposite point of view, with <strong>Penyal Bernat<\/strong>, a great rock pinnacle, on top.<\/p>\n<p>&nbsp;<\/p>\n<p><img data-recalc-dims=\"1\" decoding=\"async\" class=\"alignnone wp-image-12352 size-full\" src=\"https:\/\/i0.wp.com\/maksyboats.com\/wpm\/wp-content\/uploads\/2018\/01\/022-1.jpg?resize=960%2C640\" alt=\"Cala Ferrera - Torrent de Na Mora\" width=\"960\" height=\"640\" srcset=\"https:\/\/i0.wp.com\/maksyboats.com\/wpm\/wp-content\/uploads\/2018\/01\/022-1.jpg?w=960&amp;ssl=1 960w, https:\/\/i0.wp.com\/maksyboats.com\/wpm\/wp-content\/uploads\/2018\/01\/022-1.jpg?resize=300%2C200&amp;ssl=1 300w, https:\/\/i0.wp.com\/maksyboats.com\/wpm\/wp-content\/uploads\/2018\/01\/022-1.jpg?resize=768%2C512&amp;ssl=1 768w, https:\/\/i0.wp.com\/maksyboats.com\/wpm\/wp-content\/uploads\/2018\/01\/022-1.jpg?resize=30%2C20&amp;ssl=1 30w, https:\/\/i0.wp.com\/maksyboats.com\/wpm\/wp-content\/uploads\/2018\/01\/022-1.jpg?resize=272%2C182&amp;ssl=1 272w\" sizes=\"(max-width: 960px) 100vw, 960px\" \/><\/p>\n<p><strong>[icon name=&#8221;arrow-up&#8221;]\u00a0<\/strong>We continue sailing towards Sa Calobra, and we arrive at <strong>Cala Ferrera<\/strong>, or what is the same, the mouth of the <strong>Torrent de Na Mora<\/strong>.<\/p>\n<p>&nbsp;<\/p>\n<p><img data-recalc-dims=\"1\" loading=\"lazy\" decoding=\"async\" class=\"alignnone wp-image-12353 size-full\" src=\"https:\/\/i0.wp.com\/maksyboats.com\/wpm\/wp-content\/uploads\/2018\/01\/016.jpg?resize=960%2C640\" alt=\"Sa Costera Mallorca\" width=\"960\" height=\"640\" srcset=\"https:\/\/i0.wp.com\/maksyboats.com\/wpm\/wp-content\/uploads\/2018\/01\/016.jpg?w=960&amp;ssl=1 960w, https:\/\/i0.wp.com\/maksyboats.com\/wpm\/wp-content\/uploads\/2018\/01\/016.jpg?resize=300%2C200&amp;ssl=1 300w, https:\/\/i0.wp.com\/maksyboats.com\/wpm\/wp-content\/uploads\/2018\/01\/016.jpg?resize=768%2C512&amp;ssl=1 768w, https:\/\/i0.wp.com\/maksyboats.com\/wpm\/wp-content\/uploads\/2018\/01\/016.jpg?resize=30%2C20&amp;ssl=1 30w, https:\/\/i0.wp.com\/maksyboats.com\/wpm\/wp-content\/uploads\/2018\/01\/016.jpg?resize=272%2C182&amp;ssl=1 272w\" sizes=\"(max-width: 960px) 100vw, 960px\" \/><\/p>\n<p><strong>[icon name=&#8221;arrow-up&#8221;] <\/strong>Next stop on this amazing trip along the <a href=\"https:\/\/maksyboats.com\/discover-mallorca-boat-hire\/\">north coast of Mallorca<\/a>, we arrive at <strong>Sa Costera<\/strong>, where we find crystal clear waters and a spring of water that flows from the Tramuntana mountains, especially after heavy rains.<\/p>\n<p>&nbsp;<\/p>\n<p><img data-recalc-dims=\"1\" loading=\"lazy\" decoding=\"async\" class=\"alignnone wp-image-12354 size-full\" src=\"https:\/\/i0.wp.com\/maksyboats.com\/wpm\/wp-content\/uploads\/2018\/01\/017.jpg?resize=960%2C640\" alt=\"Sa Costera - Mallorca\" width=\"960\" height=\"640\" srcset=\"https:\/\/i0.wp.com\/maksyboats.com\/wpm\/wp-content\/uploads\/2018\/01\/017.jpg?w=960&amp;ssl=1 960w, https:\/\/i0.wp.com\/maksyboats.com\/wpm\/wp-content\/uploads\/2018\/01\/017.jpg?resize=300%2C200&amp;ssl=1 300w, https:\/\/i0.wp.com\/maksyboats.com\/wpm\/wp-content\/uploads\/2018\/01\/017.jpg?resize=768%2C512&amp;ssl=1 768w, https:\/\/i0.wp.com\/maksyboats.com\/wpm\/wp-content\/uploads\/2018\/01\/017.jpg?resize=30%2C20&amp;ssl=1 30w, https:\/\/i0.wp.com\/maksyboats.com\/wpm\/wp-content\/uploads\/2018\/01\/017.jpg?resize=272%2C182&amp;ssl=1 272w\" sizes=\"(max-width: 960px) 100vw, 960px\" \/><\/p>\n<p><strong>[icon name=&#8221;arrow-up&#8221;]\u00a0<\/strong>In Sa Costera we find the ruins of <strong>an old electricity factory<\/strong>, which used the strength of the spring to supply electricity to S\u00f3ller.<\/p>\n<p>&nbsp;<\/p>\n<p><img data-recalc-dims=\"1\" loading=\"lazy\" decoding=\"async\" class=\"alignnone wp-image-12355 size-full\" src=\"https:\/\/i0.wp.com\/maksyboats.com\/wpm\/wp-content\/uploads\/2018\/01\/010.jpg?resize=960%2C640\" alt=\"Morro des Forat - Mallorca\" width=\"960\" height=\"640\" srcset=\"https:\/\/i0.wp.com\/maksyboats.com\/wpm\/wp-content\/uploads\/2018\/01\/010.jpg?w=960&amp;ssl=1 960w, https:\/\/i0.wp.com\/maksyboats.com\/wpm\/wp-content\/uploads\/2018\/01\/010.jpg?resize=300%2C200&amp;ssl=1 300w, https:\/\/i0.wp.com\/maksyboats.com\/wpm\/wp-content\/uploads\/2018\/01\/010.jpg?resize=768%2C512&amp;ssl=1 768w, https:\/\/i0.wp.com\/maksyboats.com\/wpm\/wp-content\/uploads\/2018\/01\/010.jpg?resize=30%2C20&amp;ssl=1 30w, https:\/\/i0.wp.com\/maksyboats.com\/wpm\/wp-content\/uploads\/2018\/01\/010.jpg?resize=272%2C182&amp;ssl=1 272w\" sizes=\"(max-width: 960px) 100vw, 960px\" \/><\/p>\n<p><strong>[icon name=&#8221;arrow-up&#8221;]\u00a0<\/strong>At the end of the stretch of Sa Costera, we find the <strong>Morro des Forat<\/strong>. Behind him, a surprise awaits us.<\/p>\n<p>&nbsp;<\/p>\n<p><img data-recalc-dims=\"1\" loading=\"lazy\" decoding=\"async\" class=\"alignnone wp-image-12356 size-full\" src=\"https:\/\/i0.wp.com\/maksyboats.com\/wpm\/wp-content\/uploads\/2018\/01\/008.jpg?resize=960%2C640\" alt=\"Cala Tuent - Mallorca\" width=\"960\" height=\"640\" srcset=\"https:\/\/i0.wp.com\/maksyboats.com\/wpm\/wp-content\/uploads\/2018\/01\/008.jpg?w=960&amp;ssl=1 960w, https:\/\/i0.wp.com\/maksyboats.com\/wpm\/wp-content\/uploads\/2018\/01\/008.jpg?resize=300%2C200&amp;ssl=1 300w, https:\/\/i0.wp.com\/maksyboats.com\/wpm\/wp-content\/uploads\/2018\/01\/008.jpg?resize=768%2C512&amp;ssl=1 768w, https:\/\/i0.wp.com\/maksyboats.com\/wpm\/wp-content\/uploads\/2018\/01\/008.jpg?resize=30%2C20&amp;ssl=1 30w, https:\/\/i0.wp.com\/maksyboats.com\/wpm\/wp-content\/uploads\/2018\/01\/008.jpg?resize=272%2C182&amp;ssl=1 272w\" sizes=\"(max-width: 960px) 100vw, 960px\" \/><\/p>\n<p><strong>[icon name=&#8221;arrow-up&#8221;]\u00a0<\/strong>And so we reach <strong>Cala Tuent<\/strong>, a small cove with crystal clear waters, at the foot of the Puig Major, the highest mountain in Mallorca.<\/p>\n<p>&nbsp;<\/p>\n<p><img data-recalc-dims=\"1\" loading=\"lazy\" decoding=\"async\" class=\"alignnone wp-image-12357 size-full\" src=\"https:\/\/i0.wp.com\/maksyboats.com\/wpm\/wp-content\/uploads\/2018\/01\/006.jpg?resize=960%2C640\" alt=\"Sa Calobra - Mallorca\" width=\"960\" height=\"640\" srcset=\"https:\/\/i0.wp.com\/maksyboats.com\/wpm\/wp-content\/uploads\/2018\/01\/006.jpg?w=960&amp;ssl=1 960w, https:\/\/i0.wp.com\/maksyboats.com\/wpm\/wp-content\/uploads\/2018\/01\/006.jpg?resize=300%2C200&amp;ssl=1 300w, https:\/\/i0.wp.com\/maksyboats.com\/wpm\/wp-content\/uploads\/2018\/01\/006.jpg?resize=768%2C512&amp;ssl=1 768w, https:\/\/i0.wp.com\/maksyboats.com\/wpm\/wp-content\/uploads\/2018\/01\/006.jpg?resize=30%2C20&amp;ssl=1 30w, https:\/\/i0.wp.com\/maksyboats.com\/wpm\/wp-content\/uploads\/2018\/01\/006.jpg?resize=272%2C182&amp;ssl=1 272w\" sizes=\"(max-width: 960px) 100vw, 960px\" \/><\/p>\n<p><strong>[icon name=&#8221;arrow-up&#8221;]\u00a0<\/strong>After Cala Tuent, we arrive at our destination for today, the small port of <strong>Sa Calobra<\/strong>.<\/p>\n<p>&nbsp;<\/p>\n<p><img data-recalc-dims=\"1\" loading=\"lazy\" decoding=\"async\" class=\"alignnone wp-image-12358 size-full\" src=\"https:\/\/i0.wp.com\/maksyboats.com\/wpm\/wp-content\/uploads\/2018\/01\/007.jpg?resize=960%2C640\" alt=\"Torrent de Pareis - Mallorca\" width=\"960\" height=\"640\" srcset=\"https:\/\/i0.wp.com\/maksyboats.com\/wpm\/wp-content\/uploads\/2018\/01\/007.jpg?w=960&amp;ssl=1 960w, https:\/\/i0.wp.com\/maksyboats.com\/wpm\/wp-content\/uploads\/2018\/01\/007.jpg?resize=300%2C200&amp;ssl=1 300w, https:\/\/i0.wp.com\/maksyboats.com\/wpm\/wp-content\/uploads\/2018\/01\/007.jpg?resize=768%2C512&amp;ssl=1 768w, https:\/\/i0.wp.com\/maksyboats.com\/wpm\/wp-content\/uploads\/2018\/01\/007.jpg?resize=30%2C20&amp;ssl=1 30w, https:\/\/i0.wp.com\/maksyboats.com\/wpm\/wp-content\/uploads\/2018\/01\/007.jpg?resize=272%2C182&amp;ssl=1 272w\" sizes=\"(max-width: 960px) 100vw, 960px\" \/><\/p>\n<p><strong>[icon name=&#8221;arrow-up&#8221;]\u00a0<\/strong>Next to Sa Calobra, we find the mouth of the <strong>Torrent de Pareis<\/strong> and its small beach, a natural wonder of Mallorca. It is a very popular place in summer, although access in a small boat makes it possible to enjoy this place in a more intimate way.<\/p>\n<p>&nbsp;<\/p>\n<p><a href=\"https:\/\/i0.wp.com\/maksyboats.com\/wpm\/wp-content\/uploads\/2018\/01\/001.jpg\"><img data-recalc-dims=\"1\" loading=\"lazy\" decoding=\"async\" class=\"alignnone wp-image-12359 size-full\" src=\"https:\/\/i0.wp.com\/maksyboats.com\/wpm\/wp-content\/uploads\/2018\/01\/001.jpg?resize=1200%2C454\" alt=\"Morro de Sa Vaca y Sa Calobra - Mallorca\" width=\"1200\" height=\"454\" srcset=\"https:\/\/i0.wp.com\/maksyboats.com\/wpm\/wp-content\/uploads\/2018\/01\/001.jpg?w=1500&amp;ssl=1 1500w, https:\/\/i0.wp.com\/maksyboats.com\/wpm\/wp-content\/uploads\/2018\/01\/001.jpg?resize=300%2C113&amp;ssl=1 300w, https:\/\/i0.wp.com\/maksyboats.com\/wpm\/wp-content\/uploads\/2018\/01\/001.jpg?resize=768%2C290&amp;ssl=1 768w, https:\/\/i0.wp.com\/maksyboats.com\/wpm\/wp-content\/uploads\/2018\/01\/001.jpg?resize=1024%2C387&amp;ssl=1 1024w, https:\/\/i0.wp.com\/maksyboats.com\/wpm\/wp-content\/uploads\/2018\/01\/001.jpg?resize=30%2C11&amp;ssl=1 30w\" sizes=\"(max-width: 1200px) 100vw, 1200px\" \/><\/a><\/p>\n<p><strong>[icon name=&#8221;arrow-up&#8221;]<\/strong>\u00a0In this panoramic photograph you can see the whole area of <strong>Sa Calobra and Torrent de Pareis<\/strong>, closed by\u00a0<strong>Morro de Sa Vaca<\/strong>, a promontory of rock close to 300 meters high (click to zoom in).<\/p>\n<p>&nbsp;<\/p>\n<p><img data-recalc-dims=\"1\" loading=\"lazy\" decoding=\"async\" class=\"alignnone wp-image-12360 size-full\" src=\"https:\/\/i0.wp.com\/maksyboats.com\/wpm\/wp-content\/uploads\/2018\/01\/005.jpg?resize=640%2C960\" alt=\"Morro de Sa Vaca - Mallorca\" width=\"640\" height=\"960\" srcset=\"https:\/\/i0.wp.com\/maksyboats.com\/wpm\/wp-content\/uploads\/2018\/01\/005.jpg?w=640&amp;ssl=1 640w, https:\/\/i0.wp.com\/maksyboats.com\/wpm\/wp-content\/uploads\/2018\/01\/005.jpg?resize=200%2C300&amp;ssl=1 200w, https:\/\/i0.wp.com\/maksyboats.com\/wpm\/wp-content\/uploads\/2018\/01\/005.jpg?resize=20%2C30&amp;ssl=1 20w\" sizes=\"(max-width: 640px) 100vw, 640px\" \/><\/p>\n<p><strong>[icon name=&#8221;arrow-up&#8221;]<\/strong>\u00a0We finish this report with an impressive photograph taken at the foot of the <strong>cliffs of Morro de Sa Vaca<\/strong>, which as we said before, have a height of almost 300 meters.<\/p>\n<p><strong>[icon name=&#8221;check&#8221;]\u00a0<\/strong>If you want to enjoy more pictures of Marcos Molina, we recommend you to take a look at his amazing book <strong><a href=\"https:\/\/marcosmolina.com\/libros\/llumsdetramuntana\" target=\"_blank\" rel=\"noopener\">Llums de Tramuntana<\/a><\/strong>.<\/p>\n<p><strong>[icon name=&#8221;check&#8221;]\u00a0<\/strong>And if you want to discover <strong>more amazing places<\/strong> on the North Coast of Mallorca, take a look to our page:<\/p>\n<p><a class=\"btn btn-primary\" href=\"https:\/\/maksyboats.com\/discover-mallorca-boat-hire\/\">[icon name=&#8221;arrow-right&#8221;] Discover the Unknown Mallorca<\/a><\/p>\n","protected":false},"excerpt":{"rendered":"<p>El pasado mes de noviembre tuvimos la visita de un cliente muy especial: el fot\u00f3grafo de naturaleza mallorqu\u00edn, Marcos Molina. Marcos contrat\u00f3 uno de nuestros barcos de alquiler con un fin muy especial: realizar un reportaje fotogr\u00e1fico de la Costa Norte de Mallorca. Aprovechando un espl\u00e9ndido d\u00eda de invierno, con excelentes condiciones de navegaci\u00f3n, Marcos disfrut\u00f3 del incre\u00edble litoral\u2026 <a title=\"Alquiler de barcos fotogr\u00e1ficos en la costa norte de Mallorca\" class=\"read-more\" href=\"https:\/\/maksyboats.com\/es\/things-to-do\/photographic-boat-charter-north-coast-mallorca-tramuntana\/\" aria-label=\"Leer m\u00e1s sobre Alquiler de barcos fotogr\u00e1ficos en la Costa Norte de Mallorca\">Leer m\u00e1s \u00bb<\/a><\/p>","protected":false},"author":1,"featured_media":12348,"comment_status":"open","ping_status":"open","sticky":false,"template":"","format":"standard","meta":{"generate_page_header":"","jetpack_post_was_ever_published":false,"_jetpack_newsletter_access":"","_jetpack_dont_email_post_to_subs":false,"_jetpack_newsletter_tier_id":0,"_jetpack_memberships_contains_paywalled_content":false,"_jetpack_memberships_contains_paid_content":false,"footnotes":""},"categories":[44],"tags":[52,53,51],"class_list":["post-12347","post","type-post","status-publish","format-standard","has-post-thumbnail","hentry","category-things-to-do","tag-boat-trip","tag-port-de-soller","tag-sa-calobra","masonry-post","generate-columns","tablet-grid-50","mobile-grid-100","grid-parent","grid-50"],"yoast_head":"<!-- This site is optimized with the Yoast SEO plugin v27.4 - https:\/\/yoast.com\/product\/yoast-seo-wordpress\/ -->\n<title>Photographic boat charter on the North Coast of Mallorca - MaksyBoats<\/title>\n<meta name=\"description\" content=\"Last November, we had the visit of a very special client: mallorcan nature photographer, Marcos Molina. Marcos hired one of our boat charters with a very\" \/>\n<meta name=\"robots\" content=\"index, follow, max-snippet:-1, max-image-preview:large, max-video-preview:-1\" \/>\n<link rel=\"canonical\" href=\"https:\/\/maksyboats.com\/es\/cosas-que-hacer\/alquiler-de-barco-fotografico-costa-norte-de-mallorca-tramuntana\/\" \/>\n<meta property=\"og:locale\" content=\"es_ES\" \/>\n<meta property=\"og:type\" content=\"article\" \/>\n<meta property=\"og:title\" content=\"Photographic boat charter on the North Coast of Mallorca - MaksyBoats\" \/>\n<meta property=\"og:description\" content=\"Last November, we had the visit of a very special client: mallorcan nature photographer, Marcos Molina. Marcos hired one of our boat charters with a very\" \/>\n<meta property=\"og:url\" content=\"https:\/\/maksyboats.com\/es\/cosas-que-hacer\/alquiler-de-barco-fotografico-costa-norte-de-mallorca-tramuntana\/\" \/>\n<meta property=\"og:site_name\" content=\"MaksyBoats\" \/>\n<meta property=\"article:publisher\" content=\"https:\/\/www.facebook.com\/maksyboats\/\" \/>\n<meta property=\"article:published_time\" content=\"2018-01-17T21:08:49+00:00\" \/>\n<meta property=\"article:modified_time\" content=\"2022-02-02T18:37:42+00:00\" \/>\n<meta property=\"og:image\" content=\"https:\/\/maksyboats.com\/wpm\/wp-content\/uploads\/2018\/01\/003.jpg\" \/>\n\t<meta property=\"og:image:width\" content=\"960\" \/>\n\t<meta property=\"og:image:height\" content=\"641\" \/>\n\t<meta property=\"og:image:type\" content=\"image\/jpeg\" \/>\n<meta name=\"author\" content=\"MaksyBoats\" \/>\n<meta name=\"twitter:card\" content=\"summary_large_image\" \/>\n<meta name=\"twitter:creator\" content=\"@maksyboats\" \/>\n<meta name=\"twitter:site\" content=\"@maksyboats\" \/>\n<meta name=\"twitter:label1\" content=\"Escrito por\" \/>\n\t<meta name=\"twitter:data1\" content=\"MaksyBoats\" \/>\n\t<meta name=\"twitter:label2\" content=\"Tiempo de lectura\" \/>\n\t<meta name=\"twitter:data2\" content=\"3 minutos\" \/>\n<script type=\"application\/ld+json\" class=\"yoast-schema-graph\">{\"@context\":\"https:\\\/\\\/schema.org\",\"@graph\":[{\"@type\":\"Article\",\"@id\":\"https:\\\/\\\/maksyboats.com\\\/things-to-do\\\/photographic-boat-charter-north-coast-mallorca-tramuntana\\\/#article\",\"isPartOf\":{\"@id\":\"https:\\\/\\\/maksyboats.com\\\/things-to-do\\\/photographic-boat-charter-north-coast-mallorca-tramuntana\\\/\"},\"author\":{\"name\":\"MaksyBoats\",\"@id\":\"https:\\\/\\\/maksyboats.com\\\/#\\\/schema\\\/person\\\/59b373c70082d699dbbdf9878528e8e4\"},\"headline\":\"Photographic boat charter on the North Coast of Mallorca\",\"datePublished\":\"2018-01-17T21:08:49+00:00\",\"dateModified\":\"2022-02-02T18:37:42+00:00\",\"mainEntityOfPage\":{\"@id\":\"https:\\\/\\\/maksyboats.com\\\/things-to-do\\\/photographic-boat-charter-north-coast-mallorca-tramuntana\\\/\"},\"wordCount\":526,\"commentCount\":0,\"publisher\":{\"@id\":\"https:\\\/\\\/maksyboats.com\\\/#organization\"},\"image\":{\"@id\":\"https:\\\/\\\/maksyboats.com\\\/things-to-do\\\/photographic-boat-charter-north-coast-mallorca-tramuntana\\\/#primaryimage\"},\"thumbnailUrl\":\"https:\\\/\\\/i0.wp.com\\\/maksyboats.com\\\/wpm\\\/wp-content\\\/uploads\\\/2018\\\/01\\\/003.jpg?fit=960%2C641&ssl=1\",\"keywords\":[\"boat trip\",\"port de s\u00f3ller\",\"sa calobra\"],\"articleSection\":[\"Things to do in Mallorca\"],\"inLanguage\":\"es\",\"potentialAction\":[{\"@type\":\"CommentAction\",\"name\":\"Comment\",\"target\":[\"https:\\\/\\\/maksyboats.com\\\/things-to-do\\\/photographic-boat-charter-north-coast-mallorca-tramuntana\\\/#respond\"]}]},{\"@type\":\"WebPage\",\"@id\":\"https:\\\/\\\/maksyboats.com\\\/things-to-do\\\/photographic-boat-charter-north-coast-mallorca-tramuntana\\\/\",\"url\":\"https:\\\/\\\/maksyboats.com\\\/things-to-do\\\/photographic-boat-charter-north-coast-mallorca-tramuntana\\\/\",\"name\":\"Photographic boat charter on the North Coast of Mallorca - MaksyBoats\",\"isPartOf\":{\"@id\":\"https:\\\/\\\/maksyboats.com\\\/#website\"},\"primaryImageOfPage\":{\"@id\":\"https:\\\/\\\/maksyboats.com\\\/things-to-do\\\/photographic-boat-charter-north-coast-mallorca-tramuntana\\\/#primaryimage\"},\"image\":{\"@id\":\"https:\\\/\\\/maksyboats.com\\\/things-to-do\\\/photographic-boat-charter-north-coast-mallorca-tramuntana\\\/#primaryimage\"},\"thumbnailUrl\":\"https:\\\/\\\/i0.wp.com\\\/maksyboats.com\\\/wpm\\\/wp-content\\\/uploads\\\/2018\\\/01\\\/003.jpg?fit=960%2C641&ssl=1\",\"datePublished\":\"2018-01-17T21:08:49+00:00\",\"dateModified\":\"2022-02-02T18:37:42+00:00\",\"description\":\"Last November, we had the visit of a very special client: mallorcan nature photographer, Marcos Molina. Marcos hired one of our boat charters with a very\",\"breadcrumb\":{\"@id\":\"https:\\\/\\\/maksyboats.com\\\/things-to-do\\\/photographic-boat-charter-north-coast-mallorca-tramuntana\\\/#breadcrumb\"},\"inLanguage\":\"es\",\"potentialAction\":[{\"@type\":\"ReadAction\",\"target\":[\"https:\\\/\\\/maksyboats.com\\\/things-to-do\\\/photographic-boat-charter-north-coast-mallorca-tramuntana\\\/\"]}]},{\"@type\":\"ImageObject\",\"inLanguage\":\"es\",\"@id\":\"https:\\\/\\\/maksyboats.com\\\/things-to-do\\\/photographic-boat-charter-north-coast-mallorca-tramuntana\\\/#primaryimage\",\"url\":\"https:\\\/\\\/i0.wp.com\\\/maksyboats.com\\\/wpm\\\/wp-content\\\/uploads\\\/2018\\\/01\\\/003.jpg?fit=960%2C641&ssl=1\",\"contentUrl\":\"https:\\\/\\\/i0.wp.com\\\/maksyboats.com\\\/wpm\\\/wp-content\\\/uploads\\\/2018\\\/01\\\/003.jpg?fit=960%2C641&ssl=1\",\"width\":960,\"height\":641},{\"@type\":\"BreadcrumbList\",\"@id\":\"https:\\\/\\\/maksyboats.com\\\/things-to-do\\\/photographic-boat-charter-north-coast-mallorca-tramuntana\\\/#breadcrumb\",\"itemListElement\":[{\"@type\":\"ListItem\",\"position\":1,\"name\":\"Home\",\"item\":\"https:\\\/\\\/maksyboats.com\\\/\"},{\"@type\":\"ListItem\",\"position\":2,\"name\":\"Photographic boat charter on the North Coast of Mallorca\"}]},{\"@type\":\"WebSite\",\"@id\":\"https:\\\/\\\/maksyboats.com\\\/#website\",\"url\":\"https:\\\/\\\/maksyboats.com\\\/\",\"name\":\"MaksyBoats Boat Hire Mallorca\",\"description\":\"Boat Hire Mallorca, Charters, Trips &amp; much more\",\"publisher\":{\"@id\":\"https:\\\/\\\/maksyboats.com\\\/#organization\"},\"potentialAction\":[{\"@type\":\"SearchAction\",\"target\":{\"@type\":\"EntryPoint\",\"urlTemplate\":\"https:\\\/\\\/maksyboats.com\\\/?s={search_term_string}\"},\"query-input\":{\"@type\":\"PropertyValueSpecification\",\"valueRequired\":true,\"valueName\":\"search_term_string\"}}],\"inLanguage\":\"es\"},{\"@type\":\"Organization\",\"@id\":\"https:\\\/\\\/maksyboats.com\\\/#organization\",\"name\":\"MaksyBoats Boat Hire Mallorca\",\"url\":\"https:\\\/\\\/maksyboats.com\\\/\",\"logo\":{\"@type\":\"ImageObject\",\"inLanguage\":\"es\",\"@id\":\"https:\\\/\\\/maksyboats.com\\\/#\\\/schema\\\/logo\\\/image\\\/\",\"url\":\"https:\\\/\\\/i0.wp.com\\\/maksyboats.com\\\/wpm\\\/wp-content\\\/uploads\\\/2020\\\/05\\\/maksyboats-boat-hire-2020.png?fit=350%2C70&ssl=1\",\"contentUrl\":\"https:\\\/\\\/i0.wp.com\\\/maksyboats.com\\\/wpm\\\/wp-content\\\/uploads\\\/2020\\\/05\\\/maksyboats-boat-hire-2020.png?fit=350%2C70&ssl=1\",\"width\":350,\"height\":70,\"caption\":\"MaksyBoats Boat Hire Mallorca\"},\"image\":{\"@id\":\"https:\\\/\\\/maksyboats.com\\\/#\\\/schema\\\/logo\\\/image\\\/\"},\"sameAs\":[\"https:\\\/\\\/www.facebook.com\\\/maksyboats\\\/\",\"https:\\\/\\\/x.com\\\/maksyboats\",\"https:\\\/\\\/www.instagram.com\\\/maksyboats\\\/\"]},{\"@type\":\"Person\",\"@id\":\"https:\\\/\\\/maksyboats.com\\\/#\\\/schema\\\/person\\\/59b373c70082d699dbbdf9878528e8e4\",\"name\":\"MaksyBoats\",\"image\":{\"@type\":\"ImageObject\",\"inLanguage\":\"es\",\"@id\":\"https:\\\/\\\/secure.gravatar.com\\\/avatar\\\/99421e5db484861c8943f7510626c85f09b922dae1e26a6b722a71c6594653c1?s=96&d=mm&r=g\",\"url\":\"https:\\\/\\\/secure.gravatar.com\\\/avatar\\\/99421e5db484861c8943f7510626c85f09b922dae1e26a6b722a71c6594653c1?s=96&d=mm&r=g\",\"contentUrl\":\"https:\\\/\\\/secure.gravatar.com\\\/avatar\\\/99421e5db484861c8943f7510626c85f09b922dae1e26a6b722a71c6594653c1?s=96&d=mm&r=g\",\"caption\":\"MaksyBoats\"}}]}<\/script>\n<!-- \/ Yoast SEO plugin. -->","yoast_head_json":{"title":"Alquiler de barcos fotogr\u00e1ficos en la Costa Norte de Mallorca - MaksyBoats","description":"El pasado mes de noviembre tuvimos la visita de un cliente muy especial: el fot\u00f3grafo de naturaleza mallorqu\u00edn, Marcos Molina. Marcos contrat\u00f3 uno de nuestros barcos de alquiler con un precio muy","robots":{"index":"index","follow":"follow","max-snippet":"max-snippet:-1","max-image-preview":"max-image-preview:large","max-video-preview":"max-video-preview:-1"},"canonical":"https:\/\/maksyboats.com\/es\/cosas-que-hacer\/alquiler-de-barco-fotografico-costa-norte-de-mallorca-tramuntana\/","og_locale":"es_ES","og_type":"article","og_title":"Photographic boat charter on the North Coast of Mallorca - MaksyBoats","og_description":"Last November, we had the visit of a very special client: mallorcan nature photographer, Marcos Molina. Marcos hired one of our boat charters with a very","og_url":"https:\/\/maksyboats.com\/es\/cosas-que-hacer\/alquiler-de-barco-fotografico-costa-norte-de-mallorca-tramuntana\/","og_site_name":"MaksyBoats","article_publisher":"https:\/\/www.facebook.com\/maksyboats\/","article_published_time":"2018-01-17T21:08:49+00:00","article_modified_time":"2022-02-02T18:37:42+00:00","og_image":[{"width":960,"height":641,"url":"https:\/\/maksyboats.com\/wpm\/wp-content\/uploads\/2018\/01\/003.jpg","type":"image\/jpeg"}],"author":"MaksyBoats","twitter_card":"summary_large_image","twitter_creator":"@maksyboats","twitter_site":"@maksyboats","twitter_misc":{"Escrito por":"MaksyBoats","Tiempo de lectura":"3 minutos"},"schema":{"@context":"https:\/\/schema.org","@graph":[{"@type":"Article","@id":"https:\/\/maksyboats.com\/things-to-do\/photographic-boat-charter-north-coast-mallorca-tramuntana\/#article","isPartOf":{"@id":"https:\/\/maksyboats.com\/things-to-do\/photographic-boat-charter-north-coast-mallorca-tramuntana\/"},"author":{"name":"MaksyBoats","@id":"https:\/\/maksyboats.com\/#\/schema\/person\/59b373c70082d699dbbdf9878528e8e4"},"headline":"Photographic boat charter on the North Coast of Mallorca","datePublished":"2018-01-17T21:08:49+00:00","dateModified":"2022-02-02T18:37:42+00:00","mainEntityOfPage":{"@id":"https:\/\/maksyboats.com\/things-to-do\/photographic-boat-charter-north-coast-mallorca-tramuntana\/"},"wordCount":526,"commentCount":0,"publisher":{"@id":"https:\/\/maksyboats.com\/#organization"},"image":{"@id":"https:\/\/maksyboats.com\/things-to-do\/photographic-boat-charter-north-coast-mallorca-tramuntana\/#primaryimage"},"thumbnailUrl":"https:\/\/i0.wp.com\/maksyboats.com\/wpm\/wp-content\/uploads\/2018\/01\/003.jpg?fit=960%2C641&ssl=1","keywords":["boat trip","port de s\u00f3ller","sa calobra"],"articleSection":["Things to do in Mallorca"],"inLanguage":"es","potentialAction":[{"@type":"CommentAction","name":"Comment","target":["https:\/\/maksyboats.com\/things-to-do\/photographic-boat-charter-north-coast-mallorca-tramuntana\/#respond"]}]},{"@type":"WebPage","@id":"https:\/\/maksyboats.com\/things-to-do\/photographic-boat-charter-north-coast-mallorca-tramuntana\/","url":"https:\/\/maksyboats.com\/things-to-do\/photographic-boat-charter-north-coast-mallorca-tramuntana\/","name":"Alquiler de barcos fotogr\u00e1ficos en la Costa Norte de Mallorca - MaksyBoats","isPartOf":{"@id":"https:\/\/maksyboats.com\/#website"},"primaryImageOfPage":{"@id":"https:\/\/maksyboats.com\/things-to-do\/photographic-boat-charter-north-coast-mallorca-tramuntana\/#primaryimage"},"image":{"@id":"https:\/\/maksyboats.com\/things-to-do\/photographic-boat-charter-north-coast-mallorca-tramuntana\/#primaryimage"},"thumbnailUrl":"https:\/\/i0.wp.com\/maksyboats.com\/wpm\/wp-content\/uploads\/2018\/01\/003.jpg?fit=960%2C641&ssl=1","datePublished":"2018-01-17T21:08:49+00:00","dateModified":"2022-02-02T18:37:42+00:00","description":"El pasado mes de noviembre tuvimos la visita de un cliente muy especial: el fot\u00f3grafo de naturaleza mallorqu\u00edn, Marcos Molina. Marcos contrat\u00f3 uno de nuestros barcos de alquiler con un precio muy","breadcrumb":{"@id":"https:\/\/maksyboats.com\/things-to-do\/photographic-boat-charter-north-coast-mallorca-tramuntana\/#breadcrumb"},"inLanguage":"es","potentialAction":[{"@type":"ReadAction","target":["https:\/\/maksyboats.com\/things-to-do\/photographic-boat-charter-north-coast-mallorca-tramuntana\/"]}]},{"@type":"ImageObject","inLanguage":"es","@id":"https:\/\/maksyboats.com\/things-to-do\/photographic-boat-charter-north-coast-mallorca-tramuntana\/#primaryimage","url":"https:\/\/i0.wp.com\/maksyboats.com\/wpm\/wp-content\/uploads\/2018\/01\/003.jpg?fit=960%2C641&ssl=1","contentUrl":"https:\/\/i0.wp.com\/maksyboats.com\/wpm\/wp-content\/uploads\/2018\/01\/003.jpg?fit=960%2C641&ssl=1","width":960,"height":641},{"@type":"BreadcrumbList","@id":"https:\/\/maksyboats.com\/things-to-do\/photographic-boat-charter-north-coast-mallorca-tramuntana\/#breadcrumb","itemListElement":[{"@type":"ListItem","position":1,"name":"Home","item":"https:\/\/maksyboats.com\/"},{"@type":"ListItem","position":2,"name":"Photographic boat charter on the North Coast of Mallorca"}]},{"@type":"WebSite","@id":"https:\/\/maksyboats.com\/#website","url":"https:\/\/maksyboats.com\/","name":"Alquiler de barcos MaksyBoats Mallorca","description":"Alquiler de barcos en Mallorca, charters, viajes y mucho m\u00e1s","publisher":{"@id":"https:\/\/maksyboats.com\/#organization"},"potentialAction":[{"@type":"SearchAction","target":{"@type":"EntryPoint","urlTemplate":"https:\/\/maksyboats.com\/?s={search_term_string}"},"query-input":{"@type":"PropertyValueSpecification","valueRequired":true,"valueName":"search_term_string"}}],"inLanguage":"es"},{"@type":"Organization","@id":"https:\/\/maksyboats.com\/#organization","name":"Alquiler de barcos MaksyBoats Mallorca","url":"https:\/\/maksyboats.com\/","logo":{"@type":"ImageObject","inLanguage":"es","@id":"https:\/\/maksyboats.com\/#\/schema\/logo\/image\/","url":"https:\/\/i0.wp.com\/maksyboats.com\/wpm\/wp-content\/uploads\/2020\/05\/maksyboats-boat-hire-2020.png?fit=350%2C70&ssl=1","contentUrl":"https:\/\/i0.wp.com\/maksyboats.com\/wpm\/wp-content\/uploads\/2020\/05\/maksyboats-boat-hire-2020.png?fit=350%2C70&ssl=1","width":350,"height":70,"caption":"MaksyBoats Boat Hire Mallorca"},"image":{"@id":"https:\/\/maksyboats.com\/#\/schema\/logo\/image\/"},"sameAs":["https:\/\/www.facebook.com\/maksyboats\/","https:\/\/x.com\/maksyboats","https:\/\/www.instagram.com\/maksyboats\/"]},{"@type":"Person","@id":"https:\/\/maksyboats.com\/#\/schema\/person\/59b373c70082d699dbbdf9878528e8e4","name":"MaksyBoats Alquiler de Barcos","image":{"@type":"ImageObject","inLanguage":"es","@id":"https:\/\/secure.gravatar.com\/avatar\/99421e5db484861c8943f7510626c85f09b922dae1e26a6b722a71c6594653c1?s=96&d=mm&r=g","url":"https:\/\/secure.gravatar.com\/avatar\/99421e5db484861c8943f7510626c85f09b922dae1e26a6b722a71c6594653c1?s=96&d=mm&r=g","contentUrl":"https:\/\/secure.gravatar.com\/avatar\/99421e5db484861c8943f7510626c85f09b922dae1e26a6b722a71c6594653c1?s=96&d=mm&r=g","caption":"MaksyBoats"}}]}},"jetpack_featured_media_url":"https:\/\/i0.wp.com\/maksyboats.com\/wpm\/wp-content\/uploads\/2018\/01\/003.jpg?fit=960%2C641&ssl=1","jetpack_sharing_enabled":true,"_links":{"self":[{"href":"https:\/\/maksyboats.com\/es\/wp-json\/wp\/v2\/posts\/12347","targetHints":{"allow":["GET"]}}],"collection":[{"href":"https:\/\/maksyboats.com\/es\/wp-json\/wp\/v2\/posts"}],"about":[{"href":"https:\/\/maksyboats.com\/es\/wp-json\/wp\/v2\/types\/post"}],"author":[{"embeddable":true,"href":"https:\/\/maksyboats.com\/es\/wp-json\/wp\/v2\/users\/1"}],"replies":[{"embeddable":true,"href":"https:\/\/maksyboats.com\/es\/wp-json\/wp\/v2\/comments?post=12347"}],"version-history":[{"count":0,"href":"https:\/\/maksyboats.com\/es\/wp-json\/wp\/v2\/posts\/12347\/revisions"}],"wp:featuredmedia":[{"embeddable":true,"href":"https:\/\/maksyboats.com\/es\/wp-json\/wp\/v2\/media\/12348"}],"wp:attachment":[{"href":"https:\/\/maksyboats.com\/es\/wp-json\/wp\/v2\/media?parent=12347"}],"wp:term":[{"taxonomy":"category","embeddable":true,"href":"https:\/\/maksyboats.com\/es\/wp-json\/wp\/v2\/categories?post=12347"},{"taxonomy":"post_tag","embeddable":true,"href":"https:\/\/maksyboats.com\/es\/wp-json\/wp\/v2\/tags?post=12347"}],"curies":[{"name":"Gracias","href":"https:\/\/api.w.org\/{rel}","templated":true}]}}